{"short_name":"Jozef","name":"Jozef Priczel","icons":[{"src":"https:\/\/dvqlxo2m2q99q.cloudfront.net\/000_clients\/1273740\/file\/48x48-1273740GCVrckGN.jpg","sizes":"48x48","type":"image\/jpeg","purpose":"any maskable"},{"src":"https:\/\/dvqlxo2m2q99q.cloudfront.net\/000_clients\/1273740\/file\/72x72-1273740GCVrckGN.jpg","sizes":"72x72","type":"image\/jpeg","purpose":"any maskable"},{"src":"https:\/\/dvqlxo2m2q99q.cloudfront.net\/000_clients\/1273740\/file\/96x96-1273740GCVrckGN.jpg","sizes":"96x96","type":"image\/jpeg","purpose":"any maskable"},{"src":"https:\/\/dvqlxo2m2q99q.cloudfront.net\/000_clients\/1273740\/file\/16x16-1273740GCVrckGN.jpg","sizes":"16x16","type":"image\/jpeg","purpose":"any maskable"},{"src":"https:\/\/dvqlxo2m2q99q.cloudfront.net\/000_clients\/1273740\/file\/144x144-1273740GCVrckGN.jpg","sizes":"144x144","type":"image\/jpeg","purpose":"any maskable"},{"src":"https:\/\/dvqlxo2m2q99q.cloudfront.net\/000_clients\/1273740\/file\/168x168-1273740GCVrckGN.jpg","sizes":"168x168","type":"image\/jpeg","purpose":"any maskable"},{"src":"https:\/\/dvqlxo2m2q99q.cloudfront.net\/000_clients\/1273740\/file\/192x192-1273740GCVrckGN.jpg","sizes":"192x192","type":"image\/jpeg","purpose":"any maskable"}],"start_url":"\/","scope":"\/","display":"standalone","lang":"en","background_color":"#ffffff","description":"fashion beauty and fineart photographer Bratislava Slovakia\n\nfotograf m\u00f3dy, kr\u00e1sy a v\u00fdtvarn\u00e9ho umenia Bratislava, Slovensko","orientation":"portrait-primary","theme_color":"#ffffff","related_applications":[{"platform":"web","url":"http:\/\/www.jozefpriczel.com"}]}